{"id":4429,"date":"2019-01-15T13:53:04","date_gmt":"2019-01-15T18:53:04","guid":{"rendered":"http:\/\/blogs.law.columbia.edu\/praxis1313\/?p=4429"},"modified":"2019-01-15T14:21:21","modified_gmt":"2019-01-15T19:21:21","slug":"bernard-e-harcourt-compagnon-de-route-fellow-traveler","status":"publish","type":"post","link":"https:\/\/blogs.law.columbia.edu\/praxis1313\/bernard-e-harcourt-compagnon-de-route-fellow-traveler\/","title":{"rendered":"Bernard E. Harcourt | Compagnon de route [Fellow Traveler]"},"content":{"rendered":"<p><strong>By Bernard E. Harcourt<\/strong><\/p>\n<div id=\"attachment_4435\" style=\"width: 496px\" class=\"wp-caption aligncenter\"><a href=\"https:\/\/blogs.law.columbia.edu\/praxis1313\/bernard-e-harcourt-compagnon-de-route-fellow-traveler\/img_6981\/#main\" rel=\"attachment wp-att-4435\"><img loading=\"lazy\" decoding=\"async\" aria-describedby=\"caption-attachment-4435\" class=\" wp-image-4435\" src=\"https:\/\/blogs.law.columbia.edu\/praxis1313\/files\/2019\/01\/IMG_6981-e1547572720984-225x300.jpg\" alt=\"\" width=\"486\" height=\"648\" srcset=\"https:\/\/blogs.law.columbia.edu\/praxis1313\/files\/2019\/01\/IMG_6981-e1547572720984-225x300.jpg 225w, https:\/\/blogs.law.columbia.edu\/praxis1313\/files\/2019\/01\/IMG_6981-e1547572720984-768x1024.jpg 768w\" sizes=\"auto, (max-width: 486px) 100vw, 486px\" \/><\/a><p id=\"caption-attachment-4435\" class=\"wp-caption-text\">Acte IX, 12 janvier 2019 \u00a0 \u00a0 \u00a9 Bernard E. Harcourt<\/p><\/div>\n<p>On Saturday, January 12, 2019, yellow vest protesters demonstrated in cities across France\u2014from Paris to Bourges, Bordeaux, and Toulouse\u2014in what they called \u201cAct IX\u201d of the yellow vest movement. According to the <a href=\"https:\/\/www.lemonde.fr\/societe\/article\/2019\/01\/12\/acte-ix-des-gilets-jaunes-attendus-a-bourges-paris-et-dans-toute-la-france_5408170_3224.html\">official count<\/a> by the ministry of the interior of the French government\u2014an interested party, since the French State is the very target of the protests\u2014there were 84,000 protesters across the country, and they faced an equal number of law enforcement officers from the national police, CRS, and <em>gendarmerie<\/em>. 80,000 policemen and women were mobilized and deployed around the country to manage any possible unrest\u2014along with military-grade armored vehicles, flashballs, water cannons, etc.\u2014resulting in an astounding one-to-one ratio: one police for every yellow vest.<\/p>\n<p>The number of yellow vests at Act IX was up slightly from the week before, and seemed to signal that the yellow vest movement, which began on November 17, 2018, is not dissipating. The conjuncture on January 12\u00a0was especially important: President Emmanuel Macron was slated to deliver his \u201c<a href=\"https:\/\/blogs.law.columbia.edu\/praxis1313\/president-emmanuel-macron-lettre-aux-francais\/\"><em>Lettre aux fran\u00e7ais<\/em><\/a>\u201d the next day, and the great \u201c<a href=\"https:\/\/www.lemonde.fr\/politique\/article\/2019\/01\/14\/les-ministres-emmanuelle-wargon-et-sebastien-lecornu-charges-de-l-animation-du-grand-debat_5408741_823448.html\">national debate<\/a>\u201d over the political questions raised by the movement was scheduled to begin in three days.<\/p>\n<p>I\u2019d read extensively about the movement and spent Saturday afternoon, January 12, 2019, informally observing the protest at the \u00c9toile and along the Champs-\u00c9lys\u00e9es. Compared to other Saturdays, Act IX was relatively peaceful, with the weight of power on the side of the overwhelming police force. There were, to be sure, teargas canisters fired and the police used water cannons; but compared to other previous protests\u2014and to ordinary protests in Paris, especially at the \u201c<i>t\u00eate de cort\u00e8ge<\/i>\u201d\u2014the space of protest was relatively subdued.<\/p>\n<div id=\"attachment_4434\" style=\"width: 574px\" class=\"wp-caption aligncenter\"><a href=\"https:\/\/blogs.law.columbia.edu\/praxis1313\/bernard-e-harcourt-compagnon-de-route-fellow-traveler\/img_6980\/#main\" rel=\"attachment wp-att-4434\"><img loading=\"lazy\" decoding=\"async\" aria-describedby=\"caption-attachment-4434\" class=\" wp-image-4434\" src=\"https:\/\/blogs.law.columbia.edu\/praxis1313\/files\/2019\/01\/IMG_6980-300x225.jpg\" alt=\"\" width=\"564\" height=\"423\" srcset=\"https:\/\/blogs.law.columbia.edu\/praxis1313\/files\/2019\/01\/IMG_6980-300x225.jpg 300w, https:\/\/blogs.law.columbia.edu\/praxis1313\/files\/2019\/01\/IMG_6980-768x576.jpg 768w, https:\/\/blogs.law.columbia.edu\/praxis1313\/files\/2019\/01\/IMG_6980-1024x768.jpg 1024w\" sizes=\"auto, (max-width: 564px) 100vw, 564px\" \/><\/a><p id=\"caption-attachment-4434\" class=\"wp-caption-text\">Acte IX, 12 janvier 2019 \u00a0 \u00a0\u00a9 Bernard E. Harcourt<\/p><\/div>\n<p>Along the Champs-\u00c9lys\u00e9es, steps from the CRS, police, and <i>gendarmes<\/i>, yellow vest protesters tagged the fortified and boarded-up banks and stores, while a few other Parisians and tourists nearby continued to shop in the luxury boutiques.<\/p>\n<div id=\"attachment_4436\" style=\"width: 563px\" class=\"wp-caption aligncenter\"><a href=\"https:\/\/blogs.law.columbia.edu\/praxis1313\/bernard-e-harcourt-compagnon-de-route-fellow-traveler\/img_6983\/#main\" rel=\"attachment wp-att-4436\"><img loading=\"lazy\" decoding=\"async\" aria-describedby=\"caption-attachment-4436\" class=\" wp-image-4436\" src=\"https:\/\/blogs.law.columbia.edu\/praxis1313\/files\/2019\/01\/IMG_6983-300x225.jpg\" alt=\"\" width=\"553\" height=\"415\" srcset=\"https:\/\/blogs.law.columbia.edu\/praxis1313\/files\/2019\/01\/IMG_6983-300x225.jpg 300w, https:\/\/blogs.law.columbia.edu\/praxis1313\/files\/2019\/01\/IMG_6983-768x576.jpg 768w, https:\/\/blogs.law.columbia.edu\/praxis1313\/files\/2019\/01\/IMG_6983-1024x768.jpg 1024w\" sizes=\"auto, (max-width: 553px) 100vw, 553px\" \/><\/a><p id=\"caption-attachment-4436\" class=\"wp-caption-text\">Champs-\u00c9lys\u00e9es, Acte IX, 12 janvier 2019 \u00a0 \u00a9 Bernard E. Harcourt<\/p><\/div>\n<p>The yellow vest movement has been aptly described, by <a href=\"https:\/\/blogs.law.columbia.edu\/praxis1313\/etienne-balibar-gilets-jaunes-le-sens-du-face-a-face\/\">\u00c9tienne Balibar<\/a> and <a href=\"https:\/\/blogs.law.columbia.edu\/praxis1313\/antonio-negri-gilets-jaunes-un-contropotere\/\">Toni Negri<\/a>, as a \u201c<em>contre-pouvoir<\/em>,\u201d a counter-power, perhaps one of the only counter-powers to President Macron now in place. Truth is, all of the potential institutions that could serve as a check to executive power are essentially missing-in-action. The Assembly was filled with Macron\u2019s hastily assembled delegates. The S\u00e9nat is hardly to be heard. The judiciary does not play that function in France. The major oppositional parties\u2014the Socialist Party on the left and the Republicans on the right\u2014imploded and have disappeared. The paper press is pretty docile (predominantly opposed to the yellow vest movement). The few voices that can be dimly heard are Jean-Luc M\u00e9lanchon\u2019s <em>insoumis\u00a0<\/em>on the farther left and the new <em>Rassemblement national <\/em>of the far-right (formerly the <em>Front national<\/em>). As a result, the yellow vests really do stand as the counter-power to Macron. Apparently they have the support of a majority of the French. 72% of the French <a href=\"https:\/\/www.rtl.fr\/actu\/debats-societe\/gilets-jaunes-pres-de-3-francais-sur-4-soutiennent-le-mouvement-apres-le-1er-decembre-7795787626\">supported the movement<\/a> as of December 1, 2018; it is widely believed that a majority of the French still support them now, even after a series of unfavorable videotaped incidents that went viral.<\/p>\n<p>In an early <a href=\"https:\/\/www.opendemocracy.net\/can-europe-make-it\/etienne-balibar\/gilets-jaunes-meaning-of-confrontation\">essay<\/a> published December 8, 2018, \u00c9tienne Balibar presents a nuanced diagnosis of the movement, locating it within the present crisis of neoliberalism and drawing its Gramscian element as a potential \u201creversal of hegemony.\u201d Ludivine Bantigny, in a <a href=\"https:\/\/blogs.law.columbia.edu\/praxis1313\/ludivine-bantigny-un-evenement\/\">forthcoming essay<\/a>, situates the uprising in the context of unprecedented inequality and calls it \u201cun <em>\u00e9v\u00e9nement<\/em>.\u201d Toni Negri, in a <a href=\"https:\/\/www.euronomade.info\/?p=11480\">series of essays<\/a>, sees the multitude in the yellow vests, but warns of what he imagines may come: \u201ca long period of repression.\u201d Balibar ends by offering guidance as to how the movement could gain momentum, <a href=\"https:\/\/www.opendemocracy.net\/can-europe-make-it\/etienne-balibar\/gilets-jaunes-meaning-of-confrontation\">specifying<\/a>:<\/p>\n<blockquote><p>I therefore suggest that all this could be given concrete form, opening up a dialectic of self-representation and governmentality, if municipalities (starting with some of them that set an example: those most sensitive to the urgency of the situation or most open to democratic invention) now decided to open their doors to the local organization of the movement, and declared themselves ready to pass on its demands or proposals to the government.<\/p><\/blockquote>\n<p>I would take a different angle. I have no standing, nor any interest in assuming the position of what one might call \u201cthe counselor to uprisings.\u201d<a name=\"_ednref1\"><\/a>[i] Nor do I subscribe to the various roles that intellectuals have assigned to themselves or to others in the late twentieth century\u2014whether it is the \u201c<em>intellectuel universel\u201d <\/em>supposedly modeled on Jean-Paul Sartre, the <em>\u201cintellectuel specific<\/em>\u201d that Michel Foucault embraced, or even the middle-ground \u201c<em>intellectuel singulier<\/em>\u201d that Balibar uncovers in his most recent book, <em>Libre parole<\/em>: \u201c<em>Un intellectuel qui essaie de dire ce qu\u2019il en est du present, de ses droits et obligations, de l\u2019intol\u00e9rable et du possible qu\u2019il rec\u00e8le<\/em>.\u201d<a name=\"_ednref2\"><\/a>[ii] No, I do not consider myself\u2014nor would want to present myself\u2014as an intellectual, but instead, simply, as someone who acts, who implicates himself, who rises up at times, breaks silence at others, litigates most often. I cannot counsel or critique other people\u2019s struggles. I can only critique my own political engagements. In my seminar, <a href=\"https:\/\/blogs.law.columbia.edu\/praxis1313\/\">Praxis 13\/13<\/a>, I\u2019ve been working through the relation between theory and practice, and at least tentatively, for the moment, have realized that I cannot do critical philosophical work on other people\u2019s political engagements, but only on my own. This imposes on me, I believe, a duty to act\u2014to engage politically, to perform praxis, as the very precondition to critique, but critique and praxis of my own actions.<\/p>\n<p>And so the question I would want to raise is different, but pointed, and pointed at myself: <em>On Saturday, at the \u00c9toile, why did I not sport a yellow vest? Why do I not consider myself part of the yellow vest movement? Why did I remain an observer? <\/em><\/p>\n<p>After all, it is a political movement that challenges, at its heart, many of the contemporary political formations that I target in my own political writings and interventions. First, it is aimed, in large part, at neoliberalism and the start-up uberized culture that does not provide for the welfare of people. As <a href=\"https:\/\/www.euronomade.info\/?p=11480\">Toni Negri<\/a> suggests, the movement represents the \u201cexpression of a rejection of the logics of neoliberalism\u2014a rejection probably brought against those logics in a moment of acute crisis.\u201d There is substantial overlap here with my <a href=\"https:\/\/harvardlawreview.org\/2012\/03\/on-the-american-paradox-of-laissez-faire-and-mass-incarceration\/\">views<\/a> on neoliberalism. Second, the movement targets police excess and the police state. I\u2019ve been <a href=\"https:\/\/theintercept.com\/2018\/11\/25\/counterinsurgency-us-drone-strikes\/\">challenging<\/a> that in the United States for decades. If you listen closely, for a moment, to the grievances of the yellow vests, you hear clearly those of the Occupy Wall Street movement.<\/p>\n<p>Take for instance, the spoken words of Christophe Dettinger, a retired boxer (French light-heavyweight champion in 2007 and 2008) and self-identified yellow vest. There was a lot of controversy surrounding Dettinger because he physically assaulted a policeman at the protests in Paris on January 5, 2019. The video went viral, as did his apology\u2014both of which you can <a href=\"https:\/\/www.theguardian.com\/world\/2019\/jan\/08\/114000-euros-raised-french-boxer-clash-police-gilets-jaunes-protest\">see here<\/a> at the <em>Guardian<\/em>. Supporters of his quickly raised over 110,000 euros on a crowd-funding site, Leetchi, which was shut down by political opposition, in outrage. He then posted this apologia, qua-political manifesto, which <a href=\"https:\/\/youtu.be\/en57Ks6_bFU\">he recorded on YouTube<\/a> to explain himself to his fellow yellow vests:<\/p>\n<blockquote><p>Chers amis gilets jaunes,<\/p>\n<p>Voil\u00e0, je me pr\u00e9sente. Je m\u2019appelle Christophe. [\u2026] Je voulais vous pr\u00e9senter les choses comme je le sens.<\/p>\n<p>J\u2019ai particip\u00e9 aux huit actes. [\u2026] J\u2019ai fait tous les manifestations du samedi sur Paris.<\/p>\n<p>J\u2019ai vu la r\u00e9pression. J\u2019ai vu la police nous gazer. J\u2019ai vu la police faire mal a des gens avec des flashballs. J\u2019ai vu des gens bless\u00e9s. J\u2019ai vu des retrait\u00e9s se faire gazer.<\/p>\n<p>Moi, je suis un citoyen normal. Je travaille. J\u2019arrive \u00e0 finir mes fins de mois, mais c\u2019est compliqu\u00e9.<\/p>\n<p>Mais je manifeste pour les retrait\u00e9s, le future de mes enfants, les femmes c\u00e9libataires\u2026<\/p>\n<p>Je suis un gilet jaune. J\u2019ai la col\u00e8re du people qui est en moi.<\/p>\n<p>Je vois tous ces pr\u00e9sidents, je vois tous ces ministres, je vois tout l\u2019\u00c9tat se gaver, se pomper. Ils ne sont m\u00eame pas capables de montrer l\u2019exemple. Ils ne montrent pas l\u2019exemple. Ils se gavent sur notre dos. C\u2019est toujours nous les petits qui payons.<\/p>\n<p>Je me sens concern\u00e9 parce que je suis fran\u00e7ais. Je suis fier d\u2019\u00eatre fran\u00e7ais. Je ne suis pas d\u2019extr\u00eame gauche, je ne suis pas d\u2019extr\u00eame droite. Je suis un citoyen lambda. Je suis un fran\u00e7ais. J\u2019aime mon pays. J\u2019aime ma patrie. J\u2019aime tout.<\/p><\/blockquote>\n<p style=\"text-align: center;\"><iframe loading=\"lazy\" src=\"https:\/\/www.youtube.com\/embed\/en57Ks6_bFU\" width=\"560\" height=\"315\" frameborder=\"0\" allowfullscreen=\"allowfullscreen\"><\/iframe><\/p>\n<p>\u201cC\u2019est toujours nous les petits qui payons\u201d: notice that this is not so much Marxist class struggle as French revolutionary talk. The enemy is not the bourgeoisie or the managing class, but the State\u2014the presidents and their ministers. It is pitched in a decidedly <i>ancien r\u00e9gime <\/i>register. His discourse is tinged with citizenship and patriotism. He emphasizes repeatedly that he is a citizen, that he loves his country and his homeland. I would hesitate to jump to the conclusion that he is xenophobic or anti-immigrant position; he may, possibly, simply be trying to emphasize that he\u2019s not a habitual protester and bears no animus to France. (I\u2019ll come back to this). His claim that he is neither an extreme leftist or rightist is important. He\u2019s trying to deny ideology. \u2018This is not about political ideology,\u2019 he is essentially saying, \u2018it is not about party politics either.\u2019 All presidents and ministers, regardless of their party, are corrupt and exploit the little man.<\/p>\n<p>Much of this discourse resonates with leftist ideals of equality and anti-neoliberalism. Many of the positions of the yellow vest movement strike me as important, strategically astute, and sympathetic.\u00a0<em>So why did I not don a yellow vest?<\/em><\/p>\n<p>Here are a few reasons why I hesitated. First, out of concern that there is a latent identitarian dimension to the protest that does not equally valorize the suffering of persons of color or of others who are marginalized in the <em>banlieu\u00a0<\/em>or have been struggling to decolonize France for decades along dimensions of race, post-colonialism, ethnicity, gender and sexual difference, to name a few. Second, out of concern about the patriotic, nationalistic language and symbols. I\u2019ve argued elsewhere that we have not paid sufficient attention to the words Donald Trump has used and, as a result, have not recognized the <a href=\"https:\/\/www.nybooks.com\/daily\/2018\/11\/29\/how-trump-fuels-the-fascist-right\/\">neo-fascist, white supremacist, ultranationalist<\/a> turn in the US. I need to assure myself, and investigate further, that the yellow vest appeals to citizenship, nationality, and <em>patrie\u00a0<\/em>in their declarations and manifestos are not in fact New Right.<\/p>\n<p>So for now, rather than put on the yellow vest, I would take on the mantle of \u201c<em>companion de route<\/em>\u201d \u2013 fellow traveler, like those who, famously, in the twentieth century, did not join the Communist Party, but sympathized with the aims and goals of Communists and were willing to work with the movement. The role of fellow traveler is perfectly suited to my current position vis-\u00e0-vis the yellow vests because it allows me to highlight the degrees of separation. It allows me to spell out, clearly, the lines that I would draw:<\/p>\n<ul>\n<li>I reject any affirmative or prescriptive nationalism: it may be okay to be proud to be French (or Algerian, or Haitian, or American for that matter) in a cultural sense (even if there are so many dark sides to all these histories, from collaboration with the Nazis, to Papa Doc, to slavery); but it is never okay to denigrate others for having a different identity. National pride in itself is not necessarily out of bounds; but there is <i>no\u00a0<\/i>room for discrimination on the basis of national origin and <em>no<\/em> place for patriotism as a normative grounding of the movement. Citizenship cannot serve as a source of distinction<\/li>\n<li>I reject any xenophobic, racist, ethnic, sexist, or sexual phobias: here too, there is absolutely no place in a popular movement like this for discrimination against those who are, perhaps, even more marginalized than the working class.<\/li>\n<li>I reject the call to a \u201cpeople\u201d defined in ethnocentric ways: insofar as there is reference to a \u201cpeople,\u201d and therefore a \u201cpopulist\u201d dimension to the movement, it has to have a porous boundary that does not serve to exclude or police identity. The term \u201cthe people\u201d has to be understood merely as the \u201ccollective assembled,\u201d not the <i>Volk.<\/i><\/li>\n<\/ul>\n<p>Those are lines that I will not cross, in my own praxis, and for the moment they push me to guard against wearing the yellow jacket, while standing beside the protesters and being a fellow traveler. The term \u201ccompagnon de route\u201d seems more appropriate than ever\u2014with the movement taking over the \u201crond points\u201d on the roads and highways across France, the symbolism of the road safety vest, and Macron being \u201cen marche!\u201d<\/p>\n<p style=\"text-align: center;\">***<\/p>\n<p>Being a \u201ccompagnon de route\u201d allows me to express some areas of doubt, other areas of admiration, and some of simple astonishment.<\/p>\n<p><em>First, though, admiration.\u00a0<\/em>It is remarkable that the yellow vest movement has raised such critical issues of inequality and social injustice so quickly in, apparently, such a spontaneous and autonomous way\u2014in the sense that it is not the product of an established political party calling its constituents to action, nor of a clear political ideology. It is stunning that, in such a short span of time, it has mobilized a counter-power in France made up of what might be called, by analogy, the 99%. The fact, for instance, that the country, only two months later, is going through a process of people hand-writing their grievances in \u201ccahiers de dol\u00e9ances\u201d in <em>mairies <\/em>(city halls) around France is simply amazing and historically haunting.<\/p>\n<div id=\"attachment_4443\" style=\"width: 556px\" class=\"wp-caption aligncenter\"><a href=\"https:\/\/blogs.law.columbia.edu\/praxis1313\/bernard-e-harcourt-compagnon-de-route-fellow-traveler\/france-politics-protests-debate\/#main\" rel=\"attachment wp-att-4443\"><img loading=\"lazy\" decoding=\"async\" aria-describedby=\"caption-attachment-4443\" class=\" wp-image-4443\" src=\"https:\/\/blogs.law.columbia.edu\/praxis1313\/files\/2019\/01\/cahiers-de-doleances-300x200.jpg\" alt=\"\" width=\"546\" height=\"364\" srcset=\"https:\/\/blogs.law.columbia.edu\/praxis1313\/files\/2019\/01\/cahiers-de-doleances-300x200.jpg 300w, https:\/\/blogs.law.columbia.edu\/praxis1313\/files\/2019\/01\/cahiers-de-doleances.jpg 688w\" sizes=\"auto, (max-width: 546px) 100vw, 546px\" \/><\/a><p id=\"caption-attachment-4443\" class=\"wp-caption-text\">Cahier Dol\u00e9ances, January 14, 2019 \u00a0 AFP \/ CHARLY TRIBALLEAU<\/p><\/div>\n<p>Negri <a href=\"https:\/\/www.versobooks.com\/blogs\/4158-french-insurrection\">writes<\/a> that \u201cThere is undoubtedly in France a multitude that is rising up with violence against the new misery wrought by neoliberal reforms.\u201d It may be great in number, but it does not feel to me like a collective or a multitude. I am struck by the <em>individualized\u00a0<\/em>nature of the uprising seeking community: it has the appearance of individual actors, or small family units, rising up as single individuals, just themselves, as \u201cperson <em>lambda,<\/em>\u201d and finding others who are also exasperated, rather than a community or multitudinal uprising. It feels as if these particular individuals want to make themselves heard.<\/p>\n<p>From what I could tell from my own observations on Saturday, January 12, 2019, but also from what I have read, many of the yellow vests in Paris had come with their spouses or partners and a few friends\u2014women and men, some partnered, accompanied by friends. They were wandering around, somewhat unsure of the process, unsure of the rules of protest, trying to stick together. I heard many of them looking out for each other\u2014asking each other where their friend who came with them was, for instance.<\/p>\n<p>The leaderless aspect of the movement is brilliant, strategically\u2014and picks up perfectly on notions of <a href=\"https:\/\/opinionator.blogs.nytimes.com\/2011\/10\/13\/occupy-wall-streets-political-disobedience\/\">political disobedience<\/a> from the Occupy Wall Street movement. It protects the movement from appropriation, as well as from being sullied by any one individual. It reflects the idea that the individual protesters do not want to be represented, or spoken for, but want to present themselves. They want to engage the political field in their own terms and in their own words. One older protester was sitting on a bench on the Champs-\u00c9lys\u00e9es, with a megaphone, orating. A woman sat next to him, approvingly, perhaps his wife. Other protesters would walk by, listen, engage, chat, clap at times, and then move on. But he was really just expressing himself\u2014and his indignation.<\/p>\n<p>If there is one unifying theme, it is the one constant refrain: \u201c<em>Macron, demission !<\/em>\u201d [\u201cMacron, resign!\u201d]. I even heard a few times, \u201c<em>Macron, en prison !<\/em>\u201d\u2014which oddly reminded me of the MAGA call to \u201cLock her up.\u201d But, yes, the one theme that seems to unite most of the protesters is a certain hatred, a visceral hatred, of Macron <em>Rex<\/em>. His personality, his discourse, his attitude drives the yellow vests over the edge. Not that surprising when he openly declares that too many French people (especially the young) <a href=\"https:\/\/www.ouest-france.fr\/politique\/emmanuel-macron\/pour-macron-beaucoup-trop-de-francais-oublient-le-sens-de-l-effort-6167908\">don\u2019t make an effort<\/a> or when he starts his mandate by lifting the <a href=\"https:\/\/www.lemonde.fr\/les-decodeurs\/article\/2017\/08\/30\/que-change-la-reforme-de-l-isf-d-emmanuel-macron_5178657_4355770.html\">tax on fortunes<\/a> and then proceeds to knickle-and-dime the pensioners and poor. In any event, the feeling is palpable. In effect, what is rallying these protesters is their collective hatred for what they perceive as a monarchical or Napoleonic figure. I had seen this and experienced it during the last protest I attended in Paris on May 26, 2018, with my friend and colleague at Columbia, Thomas Dodman. In fact, we had captured it in an image of Thomas in front of the typical poster at the Place de la R\u00e9publique:<\/p>\n<div id=\"attachment_4441\" style=\"width: 332px\" class=\"wp-caption aligncenter\"><a href=\"https:\/\/blogs.law.columbia.edu\/praxis1313\/bernard-e-harcourt-compagnon-de-route-fellow-traveler\/thomas-dodman\/#main\" rel=\"attachment wp-att-4441\"><img loading=\"lazy\" decoding=\"async\" aria-describedby=\"caption-attachment-4441\" class=\" wp-image-4441\" src=\"https:\/\/blogs.law.columbia.edu\/praxis1313\/files\/2019\/01\/Thomas-Dodman-e1547573476344-225x300.jpg\" alt=\"\" width=\"322\" height=\"429\" srcset=\"https:\/\/blogs.law.columbia.edu\/praxis1313\/files\/2019\/01\/Thomas-Dodman-e1547573476344-225x300.jpg 225w, https:\/\/blogs.law.columbia.edu\/praxis1313\/files\/2019\/01\/Thomas-Dodman-e1547573476344-768x1024.jpg 768w\" sizes=\"auto, (max-width: 322px) 100vw, 322px\" \/><\/a><p id=\"caption-attachment-4441\" class=\"wp-caption-text\">Place de la R\u00e9publique, 26 mai 2018<\/p><\/div>\n<p>The sentiment has, if anything, intensified. It is now omnipresent. It practically defines the movement. And this, of course, complicates things for many on the Left, because the protest is then perceived as a referendum on Macron\u2019s policies, including his support of Europe, of climate reform, etc. It is precisely because of this that many on the Left oppose the yellow vest movement, as a threat to the Europe Union or more cosmopolitan politics. (During the election, naturally, many on the Left opposed Macron and would have preferred another candidate, but now that he is president, many prefer to work within the political system than try to expulse him from the \u00c9lys\u00e9e and deal with the unknown, especially the possibility of an extreme right replacement.)<\/p>\n<p>It was also admirable and politically meaningful to be on the Champs-\u00c9lys\u00e9es for a mass demonstration. They usually are in the less wealthy neighborhoods in Paris, mostly around the Bastille and the Place de la R\u00e9publique. This is another striking feature of the yellow vest movement: they are directly confronting the extreme wealth inequalities and excess consumption in the space of excess luxury. The battle cry for this past Saturday\u2019s protest, somewhat amusingly, was \u201c<i>On va faire les soldes \u00e0 Paris!<\/i>\u201d (<a href=\"https:\/\/www.liberation.fr\/depeches\/2019\/01\/12\/a-paris-dans-les-pas-des-milliers-de-gilets-jaunes-entre-bercy-et-l-etoile_1702581\">Lib\u00e9ration<\/a>), and the intention was to march on the <i>Grands Boulevards<\/i>, precisely where all the large department stores are located. Of course, the <i>cort\u00e8ge\u00a0<\/i>went through the Place de la Bastille, since it began further east at Bercy, where the ministry of finance is located; but the rallying point was, and has always been, the \u00c9toile. The fact that the protests are taking place at the \u201cchicest\u201d neighborhood of Paris is telling. It\u2019s a protest aimed at wealth inequality and the excesses of the elite.<\/p>\n<div id=\"attachment_4438\" style=\"width: 406px\" class=\"wp-caption aligncenter\"><a href=\"https:\/\/blogs.law.columbia.edu\/praxis1313\/bernard-e-harcourt-compagnon-de-route-fellow-traveler\/img_6985\/#main\" rel=\"attachment wp-att-4438\"><img loading=\"lazy\" decoding=\"async\" aria-describedby=\"caption-attachment-4438\" class=\" wp-image-4438\" src=\"https:\/\/blogs.law.columbia.edu\/praxis1313\/files\/2019\/01\/IMG_6985-e1547573359967-225x300.jpg\" alt=\"\" width=\"396\" height=\"528\" srcset=\"https:\/\/blogs.law.columbia.edu\/praxis1313\/files\/2019\/01\/IMG_6985-e1547573359967-225x300.jpg 225w, https:\/\/blogs.law.columbia.edu\/praxis1313\/files\/2019\/01\/IMG_6985-e1547573359967-768x1024.jpg 768w\" sizes=\"auto, (max-width: 396px) 100vw, 396px\" \/><\/a><p id=\"caption-attachment-4438\" class=\"wp-caption-text\">Champs-\u00c9lys\u00e9es, &#8220;Paradis Fiscal = Enfer Social,&#8221; 12 janvier 2019 \u00a9 Bernard E. Harcourt<\/p><\/div>\n<p>Most banks are boarded up, even outside the path of the Saturday marches. So, for instance, even in the Latin Quarter, on the Left Bank, far from any of the marches, the BNP and Soci\u00e9t\u00e9 G\u00e9n\u00e9rale branches are now permanently boarded up\u2014not just on Saturdays or weekend, but permanently. Banks in Paris have become symbol and now incarnation of fortress capitalism.<\/p>\n<div id=\"attachment_4430\" style=\"width: 514px\" class=\"wp-caption aligncenter\"><a href=\"https:\/\/blogs.law.columbia.edu\/praxis1313\/bernard-e-harcourt-compagnon-de-route-fellow-traveler\/img_6972\/#main\" rel=\"attachment wp-att-4430\"><img loading=\"lazy\" decoding=\"async\" aria-describedby=\"caption-attachment-4430\" class=\" wp-image-4430\" src=\"https:\/\/blogs.law.columbia.edu\/praxis1313\/files\/2019\/01\/IMG_6972-300x225.jpg\" alt=\"\" width=\"504\" height=\"377\" srcset=\"https:\/\/blogs.law.columbia.edu\/praxis1313\/files\/2019\/01\/IMG_6972-300x225.jpg 300w, https:\/\/blogs.law.columbia.edu\/praxis1313\/files\/2019\/01\/IMG_6972-768x576.jpg 768w, https:\/\/blogs.law.columbia.edu\/praxis1313\/files\/2019\/01\/IMG_6972-1024x768.jpg 1024w\" sizes=\"auto, (max-width: 504px) 100vw, 504px\" \/><\/a><p id=\"caption-attachment-4430\" class=\"wp-caption-text\">Avenue de la Grande Arm\u00e9e, Paris, 12 janvier 2019 \u00a9 Bernard E. Harcourt<\/p><\/div>\n<p>Equally surprising, the boarded-up and secured luxury stores near the Champs-\u00c9lys\u00e9es remain open, and a few wealthy-looking customers are still shopping, only meters away from the protest. I was amazed to see luxury stores like Fendi, Gucci, and others, guarded by private security, boarded up, gated (in the sense that the doors and any windows have iron gating on them), but nevertheless open to a handful of swanky buyers. It felt surreal. In the background, you could hear flashballs.<\/p>\n<p>&nbsp;<\/p>\n<p><em>Second, then, outrage<\/em>. At the \u00c9toile, it felt that there were more police officers than protesters. <em>Le Monde\u00a0<\/em>reports that there were 80,000 police officers deployed around the country, which is about as many as the official count of protesters: a one-to-one ration. (If only education were like that! Could you imagine one teacher for each student? What a beautiful world that would be!)<\/p>\n<div id=\"attachment_4432\" style=\"width: 558px\" class=\"wp-caption aligncenter\"><a href=\"https:\/\/blogs.law.columbia.edu\/praxis1313\/bernard-e-harcourt-compagnon-de-route-fellow-traveler\/img_6978\/#main\" rel=\"attachment wp-att-4432\"><img loading=\"lazy\" decoding=\"async\" aria-describedby=\"caption-attachment-4432\" class=\" wp-image-4432\" src=\"https:\/\/blogs.law.columbia.edu\/praxis1313\/files\/2019\/01\/IMG_6978-300x225.jpg\" alt=\"\" width=\"548\" height=\"411\" srcset=\"https:\/\/blogs.law.columbia.edu\/praxis1313\/files\/2019\/01\/IMG_6978-300x225.jpg 300w, https:\/\/blogs.law.columbia.edu\/praxis1313\/files\/2019\/01\/IMG_6978-768x576.jpg 768w, https:\/\/blogs.law.columbia.edu\/praxis1313\/files\/2019\/01\/IMG_6978-1024x768.jpg 1024w\" sizes=\"auto, (max-width: 548px) 100vw, 548px\" \/><\/a><p id=\"caption-attachment-4432\" class=\"wp-caption-text\">Acte IX, 12 janvier 2019 \u00a9 Bernard E. Harcourt<\/p><\/div>\n<p>On the West side of the \u00c9toile, I heard a <em>gendarme\u00a0<\/em>order protesters within the perimeter to take off their yellow vests if they wanted to go outside the perimeter. The protesters were blocked in by a row of shielded police officers, and he told the protesters, loudly, \u201cIf you want to leave, you first need to take off your yellow vest, line up, and then go through there,\u201d pointing. Not sure if he said something about being checked, or searched. (The police were searching bags for sure of anyone crossing the lines.) It felt odd to hear the officer order people to take off their yellow vests as a condition of exiting the protest. It almost reflected the State&#8217;s tangible fear.<\/p>\n<div id=\"attachment_4431\" style=\"width: 549px\" class=\"wp-caption aligncenter\"><a href=\"https:\/\/blogs.law.columbia.edu\/praxis1313\/bernard-e-harcourt-compagnon-de-route-fellow-traveler\/img_6977\/#main\" rel=\"attachment wp-att-4431\"><img loading=\"lazy\" decoding=\"async\" aria-describedby=\"caption-attachment-4431\" class=\" wp-image-4431\" src=\"https:\/\/blogs.law.columbia.edu\/praxis1313\/files\/2019\/01\/IMG_6977-e1547573190837-300x300.jpg\" alt=\"\" width=\"539\" height=\"539\" srcset=\"https:\/\/blogs.law.columbia.edu\/praxis1313\/files\/2019\/01\/IMG_6977-e1547573190837-300x300.jpg 300w, https:\/\/blogs.law.columbia.edu\/praxis1313\/files\/2019\/01\/IMG_6977-e1547573190837-150x150.jpg 150w, https:\/\/blogs.law.columbia.edu\/praxis1313\/files\/2019\/01\/IMG_6977-e1547573190837-768x768.jpg 768w, https:\/\/blogs.law.columbia.edu\/praxis1313\/files\/2019\/01\/IMG_6977-e1547573190837-1024x1024.jpg 1024w, https:\/\/blogs.law.columbia.edu\/praxis1313\/files\/2019\/01\/IMG_6977-e1547573190837-50x50.jpg 50w\" sizes=\"auto, (max-width: 539px) 100vw, 539px\" \/><\/a><p id=\"caption-attachment-4431\" class=\"wp-caption-text\">Acte IX, 12 janvier 2019 \u00a0 \u00a0 \u00a9 Bernard E. Harcourt<\/p><\/div>\n<p>The hardware was impressive. The tanks, the armed trucks with shovels and water cannons. The massive number of paramilitary officers. I understand, of course, that there is vandalism and broken windows, also that there have been injuries. But still, the amount of police was overwhelming. It is so plain, today, that liberal democratic regimes rest <a href=\"https:\/\/www.theguardian.com\/commentisfree\/cifamerica\/2012\/may\/20\/welcome-nato-chicago-police-state\">on the police state<\/a>.<\/p>\n<p>&nbsp;<\/p>\n<p><em>Third, other doubts.\u00a0<\/em>The act of putting on the vest, of wearing it, is the only thing that identifies anyone as a member of the protest group. It\u2019s a small act. Now, you definitely have to be committed to enter the perimeter of the protest wearing a yellow vest, because it is heavily policed by armed paramilitary officers. Not everyone is willing to walk up to a CRS in full gear and ask them to go through the perimeter into the fray. But most who are used to protesting will, and will easily don the vest.<\/p>\n<p>It is worth spending some time thinking about this aspect: you become a protester by physically putting on the jacket. It slips over any clothes, easily. You can put it on and take it off easily. It\u2019s a bit like the pink hats from the Women\u2019s March against Trump. The only real cost is the fear of being accosted or confronted by someone else or by the police. This, of course, means that it may be at times difficult to differentiate protesters from those who are there to rumble with the police, entertain themselves, or simply there out of curiosity. But then again, the \u201cofficial\u201d count on Saturday, January 12, 2019, was 84,000 people across France (and official counts tend to underestimate.) That is a large number. It is hard to imagine that the question of authenticity would involve anything more than a fraction of those present.<\/p>\n<p>Perhaps the very question of authenticity is inappropriate with a popular, grass-roots movement like this; but the fact is, there is no party to belong to, nor any ideology to subscribe to. There is just, it seems, a rageful sense of indignation shared by these women and men that seems to compel them to don the yellow vest and demonstrate their political anger. A \u201c<em>casseur<\/em>\u201d (defined as someone who joins the protest and breaks windows, loots, or vandalizes) may also be full of anger and indignation at their political and economic condition, so they may well be the perfect illustration of a yellow vest protester. After all, crime is political. Penal law is political practice as Foucault so brilliantly demonstrated in <em>Penal Theories and Institutions <\/em>in 1972. Rioting is an uprising. It\u2019s not clear, in the end, whether we should engage in an exercise of policing the margins of the protest movement&#8211;though it continues to trouble me. Toni Negri discusses this as well in his <a href=\"https:\/\/www.euronomade.info\/?p=11480\">essay here<\/a>.<\/p>\n<p>&nbsp;<\/p>\n<p><em>Finally, surprise.\u00a0<\/em>Honestly, I am somewhat surprised at the discourse surrounding the vandalism and acts of violence. Many of my leftist colleagues complain that these yellow vests are \u201c<em>des voyous<\/em>\u201d (thugs, hoodlums). And there is no doubt there have been incidents of violence. But it is hard to characterize a predominantly peaceful day of protest in this way. Returning to the retired boxer, Christophe Dettinger, for a minute: Many people, including people on the Left, appropriately decried the assault\u2014it made the cover image and headline of a major weekly. And many point to him as evidence of the hooliganism of the yellow vests. But I have to say, I find it hard to impugn a movement of 84,000+ protesters on the basis of one or a few of them who turn violent. To dismiss the movement as \u201c<em>une bande de voyous<\/em>\u201d because a minute fraction of them turn to violence\u2014in a massive movement built on anger\u2014seems irresponsible to me.<\/p>\n<p>In the end, then, these admirations and doubts, and questions, leave me at least for the moment, tentatively, a \u201c<em>compagnon de route<\/em>\u201d to the yellow vest protest. In this way I hope, at least, to emphasize the places where I would not skid off the road\u2014under any circumstance.<\/p>\n<h1 style=\"text-align: center;\">Notes<\/h1>\n<p><a name=\"_edn1\"><\/a>[i] Etienne Balibar, <em>Libre parole\u00a0<\/em>(Paris: Galil\u00e9e, 2018), p. 111.<\/p>\n<p><a name=\"_edn2\"><\/a>[ii] Ibid., p. 112.<\/p>\n<p>&nbsp;<\/p>\n<p style=\"text-align: center;\"><iframe loading=\"lazy\" src=\"https:\/\/www.youtube.com\/embed\/qzIrlIpMMm4\" width=\"560\" height=\"315\" frameborder=\"0\" allowfullscreen=\"allowfullscreen\"><\/iframe><\/p>\n","protected":false},"excerpt":{"rendered":"<p>By Bernard E. Harcourt On Saturday, January 12, 2019, yellow vest protesters demonstrated in cities across France\u2014from Paris to Bourges, Bordeaux, and Toulouse\u2014in what they called \u201cAct IX\u201d of the yellow vest movement. According to the official count by the&hellip; <a href=\"https:\/\/blogs.law.columbia.edu\/praxis1313\/bernard-e-harcourt-compagnon-de-route-fellow-traveler\/\" class=\"more-link\">Continue Reading <span class=\"meta-nav\">&rarr;<\/span><\/a><\/p>\n","protected":false},"author":1641,"featured_media":0,"comment_status":"open","ping_status":"closed","sticky":false,"template":"","format":"standard","meta":{"_monsterinsights_skip_tracking":false,"_monsterinsights_sitenote_active":false,"_monsterinsights_sitenote_note":"","_monsterinsights_sitenote_category":0,"footnotes":""},"categories":[38972],"tags":[],"class_list":["post-4429","post","type-post","status-publish","format-standard","hentry","category-posts-7-13"],"_links":{"self":[{"href":"https:\/\/blogs.law.columbia.edu\/praxis1313\/wp-json\/wp\/v2\/posts\/4429","targetHints":{"allow":["GET"]}}],"collection":[{"href":"https:\/\/blogs.law.columbia.edu\/praxis1313\/wp-json\/wp\/v2\/posts"}],"about":[{"href":"https:\/\/blogs.law.columbia.edu\/praxis1313\/wp-json\/wp\/v2\/types\/post"}],"author":[{"embeddable":true,"href":"https:\/\/blogs.law.columbia.edu\/praxis1313\/wp-json\/wp\/v2\/users\/1641"}],"replies":[{"embeddable":true,"href":"https:\/\/blogs.law.columbia.edu\/praxis1313\/wp-json\/wp\/v2\/comments?post=4429"}],"version-history":[{"count":0,"href":"https:\/\/blogs.law.columbia.edu\/praxis1313\/wp-json\/wp\/v2\/posts\/4429\/revisions"}],"wp:attachment":[{"href":"https:\/\/blogs.law.columbia.edu\/praxis1313\/wp-json\/wp\/v2\/media?parent=4429"}],"wp:term":[{"taxonomy":"category","embeddable":true,"href":"https:\/\/blogs.law.columbia.edu\/praxis1313\/wp-json\/wp\/v2\/categories?post=4429"},{"taxonomy":"post_tag","embeddable":true,"href":"https:\/\/blogs.law.columbia.edu\/praxis1313\/wp-json\/wp\/v2\/tags?post=4429"}],"curies":[{"name":"wp","href":"https:\/\/api.w.org\/{rel}","templated":true}]}}