{"id":4385,"date":"2019-01-12T09:41:20","date_gmt":"2019-01-12T14:41:20","guid":{"rendered":"http:\/\/blogs.law.columbia.edu\/praxis1313\/?p=4385"},"modified":"2019-01-12T12:13:02","modified_gmt":"2019-01-12T17:13:02","slug":"etienne-balibar-gilets-jaunes-le-sens-du-face-a-face","status":"publish","type":"post","link":"https:\/\/blogs.law.columbia.edu\/praxis1313\/etienne-balibar-gilets-jaunes-le-sens-du-face-a-face\/","title":{"rendered":"\u00c9tienne Balibar | Gilets jaunes: le sens du face \u00e0 face"},"content":{"rendered":"<p><strong>Par \u00c9tienne Balibar, publi\u00e9 \u00e0 <a href=\"https:\/\/blogs.mediapart.fr\/ebalibar\/blog\/131218\/gilets-jaunes-le-sens-du-face-face\">Mediapart<\/a>\u00a0le 13 d\u00e9cembre, 2018<\/strong><\/p>\n<p>Le Pr\u00e9sident, donc, a parl\u00e9. Mais \u00e0 qui\u00a0? C\u2019est la premi\u00e8re question qu\u2019on peut se poser. Sans jamais vouloir, sans oser nommer ceux qui l\u2019y ont contraint \u2013 les fameux\u00a0<i>Gilets Jaunes<\/i>\u00a0\u2013, il a prononc\u00e9 des paroles de contrition mesur\u00e9es au compte-goutte et, comme l\u2019a aussit\u00f4t relev\u00e9 la presse, \u00ab\u00a0conc\u00e9d\u00e9\u00a0\u00bb des mesures d\u2019all\u00e8gement du fardeau financier pesant sur la partie la plus pauvre de la population mais \u00ab\u00a0sans rien c\u00e9der\u00a0\u00bb de ce qui aurait marqu\u00e9 un changement de cap, en donnant satisfaction au mouvement de r\u00e9volte qui, depuis maintenant quatre semaines, \u00e9branle en profondeur le pays.<\/p>\n<p>Dans les jours qui viennent, on fera les comptes pour voir qui gagne exactement quoi, tout de suite et \u00e0 plus long terme, et qui peut s\u2019en satisfaire. Une fois de plus, il a promis que les citoyens auraient leur mot \u00e0 dire dans une \u00ab\u00a0concertation\u00a0\u00bb d\u2019ampleur nationale qui le verrait aller lui-m\u00eame au contact des \u00e9lus locaux. Et il a assorti son discours de deux \u00e9l\u00e9ments de nature \u00e0 inqui\u00e9ter fortement tous les d\u00e9mocrates. D\u2019abord une longue proclamation de s\u00e9v\u00e9rit\u00e9 contre \u00ab\u00a0le d\u00e9sordre et l\u2019anarchie\u00a0\u00bb &#8211; \u00ab\u00a0j\u2019ai donn\u00e9 au gouvernement les instructions les plus rigoureuses\u00a0\u00bb &#8211; ce qui veut dire en clair que les manifestations sont plac\u00e9es sous le r\u00e9gime d\u2019une sorte d\u2019\u00e9tat d\u2019urgence pr\u00e9ventif et que les brutalit\u00e9s polici\u00e8res ne feront l\u2019objet d\u2019aucune restriction. Ensuite le retour en force du th\u00e8me de l\u2019identit\u00e9 nationale, de naus\u00e9abonde m\u00e9moire, imm\u00e9diatement traduit en \u00ab\u00a0question de l\u2019immigration\u00a0\u00bb, une \u00ab\u00a0question\u00a0\u00bb qui ne jouait aucun r\u00f4le dans le mouvement des Gilets, mais dont on sait les r\u00e9sonances \u00e0 la droite et \u00e0 l\u2019extr\u00eame droite de l\u2019\u00e9chiquier politique&#8230;.<\/p>\n<p>Pour continuer, allez \u00e0 M\u00e9diapart <a href=\"https:\/\/blogs.mediapart.fr\/ebalibar\/blog\/131218\/gilets-jaunes-le-sens-du-face-face\">ici<\/a>.<\/p>\n","protected":false},"excerpt":{"rendered":"<p>Par \u00c9tienne Balibar, publi\u00e9 \u00e0 Mediapart\u00a0le 13 d\u00e9cembre, 2018 Le Pr\u00e9sident, donc, a parl\u00e9. Mais \u00e0 qui\u00a0? C\u2019est la premi\u00e8re question qu\u2019on peut se poser. Sans jamais vouloir, sans oser nommer ceux qui l\u2019y ont contraint \u2013 les fameux\u00a0Gilets Jaunes\u00a0\u2013,&hellip; <a href=\"https:\/\/blogs.law.columbia.edu\/praxis1313\/etienne-balibar-gilets-jaunes-le-sens-du-face-a-face\/\" class=\"more-link\">Continue Reading <span class=\"meta-nav\">&rarr;<\/span><\/a><\/p>\n","protected":false},"author":2166,"featured_media":0,"comment_status":"open","ping_status":"closed","sticky":false,"template":"","format":"standard","meta":{"_monsterinsights_skip_tracking":false,"_monsterinsights_sitenote_active":false,"_monsterinsights_sitenote_note":"","_monsterinsights_sitenote_category":0,"footnotes":""},"categories":[38972],"tags":[],"class_list":["post-4385","post","type-post","status-publish","format-standard","hentry","category-posts-7-13"],"_links":{"self":[{"href":"https:\/\/blogs.law.columbia.edu\/praxis1313\/wp-json\/wp\/v2\/posts\/4385","targetHints":{"allow":["GET"]}}],"collection":[{"href":"https:\/\/blogs.law.columbia.edu\/praxis1313\/wp-json\/wp\/v2\/posts"}],"about":[{"href":"https:\/\/blogs.law.columbia.edu\/praxis1313\/wp-json\/wp\/v2\/types\/post"}],"author":[{"embeddable":true,"href":"https:\/\/blogs.law.columbia.edu\/praxis1313\/wp-json\/wp\/v2\/users\/2166"}],"replies":[{"embeddable":true,"href":"https:\/\/blogs.law.columbia.edu\/praxis1313\/wp-json\/wp\/v2\/comments?post=4385"}],"version-history":[{"count":0,"href":"https:\/\/blogs.law.columbia.edu\/praxis1313\/wp-json\/wp\/v2\/posts\/4385\/revisions"}],"wp:attachment":[{"href":"https:\/\/blogs.law.columbia.edu\/praxis1313\/wp-json\/wp\/v2\/media?parent=4385"}],"wp:term":[{"taxonomy":"category","embeddable":true,"href":"https:\/\/blogs.law.columbia.edu\/praxis1313\/wp-json\/wp\/v2\/categories?post=4385"},{"taxonomy":"post_tag","embeddable":true,"href":"https:\/\/blogs.law.columbia.edu\/praxis1313\/wp-json\/wp\/v2\/tags?post=4385"}],"curies":[{"name":"wp","href":"https:\/\/api.w.org\/{rel}","templated":true}]}}